{"id":3835,"date":"2021-02-17T20:04:43","date_gmt":"2021-02-17T20:04:43","guid":{"rendered":"https:\/\/kolesarski-svet.si\/?p=3835"},"modified":"2021-03-24T19:30:11","modified_gmt":"2021-03-24T19:30:11","slug":"kolo-in-zima-in-zivljenje-2","status":"publish","type":"post","link":"https:\/\/kolesarski-svet.si\/sl\/kolo-in-zima-in-zivljenje-2\/","title":{"rendered":"Kolo in Zima in \u017divljenje"},"content":{"rendered":"<p>Kolesarska sezona je v mirovanju, a ne za vse. Ve\u010dina mestnih kolesarjev bo pozimi gara\u017eirala svoja kolesa, bolj zagnani bodo vztrajali. Do zadnjega, do snega in \u0161e \u010dez. In kako takrat varno ostati na cesti. Vo\u017enja po odprtih cestah je \u017ee v \u00bbidealnih\u00ab razmerah pravi hazard, kaj \u0161ele jeseni in morda celo zimi. Najbolj zagnani se \u017ee nekaj \u010dasa pripravljajo tako, da od vzpona Rogle , Pogija in drugih na\u0161ih fantov spijo v pi\u017eamah rumene, zelene, bele, ro\u017enate in rde\u010de barve, tisti, ki \u017eivijo\u00a0 na malo vi\u0161ji nadmorski vi\u0161ini pa tudi v pik\u010dasti. Psihologija torej deluje, tudi na ta na\u010din.<\/p>\n<p>In \u010de smo bili poleti aktivni in so nogice \u010dvrste, plju\u010da zmogljiva, drugi metabolni procesi v redu, nas ni ni\u010desar strah.Na kolesu si lahko zapojemo tisto Predinovo Ni\u010d nas ni strah, \u010de so smu\u010darji z nami\u2026 No, smu\u010darji svoje probleme sicer re\u0161ujejo druga\u010de, pa vendar je kolesarje jeseni in del zime ali celo, res lahko strah. Upravi\u010deno. Za avtomobiliste, kamioniste in druge udele\u017eence v prometu je kolesar praviloma kreatura , ali po \u00bbslovensko\u00ab creature (kri\u010der) torej nekdo, ki ne zakri\u010di, \u010de ga povozi\u0161.<\/p>\n<p>Ko je sezone konec, kolesarji po\u010dasi izginejo iz obi\u010dajne zavestne pozornosti voznikov. Prepogosto se dogajajo prehitevanja centimeter od pedala in za mo\u0161kega sicer nekje pomemben centimeter\u00a0 sedaj postane meja med \u017eivljenjem in smrtjo. \u010ce ga tisti prvi manjkajo\u010di centimeter spravlja ob \u017eivce, ga bo tisti drugi ob \u017eivljenje. Tako vrag vzame \u0161alo. In kako kolesarjem, ki jih zima ne pre\u017eene v telovadnice in fitnes centre, zagotoviti veselje, radost in varnost?<\/p>\n<p>Takole. Ne\u0161tetokrat preizku\u0161ena, dovoljena, zakonita \u00bbfinta\u00ab, ki me \u017ee leta ohranja pri \u017eivljenju:<\/p>\n<p><img decoding=\"async\" class=\" wp-image-3820\" src=\"https:\/\/kolesarski-svet.si\/wp-content\/uploads\/2021\/02\/Varnostna-zastavica.jpg\" alt=\"\" width=\"264\" height=\"264\" srcset=\"https:\/\/kolesarski-svet.si\/wp-content\/uploads\/2021\/02\/Varnostna-zastavica.jpg 700w, https:\/\/kolesarski-svet.si\/wp-content\/uploads\/2021\/02\/Varnostna-zastavica-300x300.jpg 300w, https:\/\/kolesarski-svet.si\/wp-content\/uploads\/2021\/02\/Varnostna-zastavica-150x150.jpg 150w, https:\/\/kolesarski-svet.si\/wp-content\/uploads\/2021\/02\/Varnostna-zastavica-600x600.jpg 600w\" sizes=\"(max-width: 264px) 100vw, 264px\" \/><\/p>\n<p>Prej omenjeni centimeter od pedala tako postane spo\u0161tljiv meter, ki ga razumejo celo popolnoma nori vozniki in voznice. In verjemite mi, ni jih malo. Prav srhljiv je namre\u010d uraden podatek, da ima vsak \u010detrti \u010dlovek v zahodni kulturi o\u010ditno du\u0161evno motnjo. Vsi ti ljudje so v prometu in hkrati potencialni morilci. Vmes pa \u0161e psihopati, hiper- in hipotoniki, sladkorni bolniki, epileptiki, ojojoj, celo narkoleptiki. No, bodi dovolj. Kdorkoli \u017ee si, dragi kolesar, na ta svet si pri\u0161el \u017eivet in ne umret, \u0161e posebej pod kolesi ne.<\/p>\n<p>TOREJ, \u0160E ENKRAT; ZASTAVICA IN OD TU DALJE S PESMIJO: NAPREJ ZASTAVE SLAVE.<\/p>\n","protected":false},"excerpt":{"rendered":"<p>Kolesarska sezona je v mirovanju, a ne za vse. Ve\u010dina mestnih kolesarjev bo pozimi gara\u017eirala svoja kolesa, bolj zagnani bodo vztrajali. Do zadnjega, do snega in \u0161e \u010dez. In kako takrat varno ostati na cesti. Vo\u017enja po odprtih cestah je \u017ee v \u00bbidealnih\u00ab razmerah pravi hazard, kaj \u0161ele jeseni in morda celo zimi. Najbolj zagnani se \u017ee nekaj \u010dasa pripravljajo tako, da od vzpona Rogle , Pogija in drugih na\u0161ih<\/p>\n<div class=\"padding-top text-center\"><a href=\"https:\/\/kolesarski-svet.si\/sl\/kolo-in-zima-in-zivljenje-2\/\" class=\"atbtn atbtn--medium atbtn--rounded atbtn--transparent\">Preberi ve\u010d<i class=\"atbtn__icon atbtn__icon--right fa fa-long-arrow-right\"><\/i><\/a><\/div>\n","protected":false},"author":2,"featured_media":3824,"comment_status":"open","ping_status":"open","sticky":false,"template":"","format":"standard","meta":{"footnotes":""},"categories":[194,252],"tags":[561,562,560,559,563],"class_list":["post-3835","post","type-post","status-publish","format-standard","has-post-thumbnail","hentry","category-blog-sl","category-varnost","tag-kolesarska-sezona-sl","tag-kolesarska-zastavica-sl","tag-kolo-in-zima-sl","tag-kolo-in-zima-in-zivljenje-sl","tag-varnostna-zastavica-sl"],"yoast_head":"<!-- This site is optimized with the Yoast SEO plugin v26.6 - https:\/\/yoast.com\/wordpress\/plugins\/seo\/ -->\n<title>Kolo in Zima in \u017divljenje - Kolesarski Svet<\/title>\n<meta name=\"description\" content=\"Ve\u010dina mestnih kolesarjev bo pozimi gara\u017eirala svoja kolesa, bolj zagnani bodo vztrajali.\" \/>\n<meta name=\"robots\" content=\"index, follow, max-snippet:-1, max-image-preview:large, max-video-preview:-1\" \/>\n<link rel=\"canonical\" href=\"https:\/\/kolesarski-svet.si\/sl\/kolo-in-zima-in-zivljenje-2\/\" \/>\n<meta property=\"og:locale\" content=\"sl_SI\" \/>\n<meta property=\"og:type\" content=\"article\" \/>\n<meta property=\"og:title\" content=\"Kolo in Zima in \u017divljenje - Kolesarski Svet\" \/>\n<meta property=\"og:description\" content=\"Ve\u010dina mestnih kolesarjev bo pozimi gara\u017eirala svoja kolesa, bolj zagnani bodo vztrajali.\" \/>\n<meta property=\"og:url\" content=\"https:\/\/kolesarski-svet.si\/sl\/kolo-in-zima-in-zivljenje-2\/\" \/>\n<meta property=\"og:site_name\" content=\"Kolesarski Svet\" \/>\n<meta property=\"article:publisher\" content=\"https:\/\/www.facebook.com\/KolesarskiSvet\/\" \/>\n<meta property=\"article:published_time\" content=\"2021-02-17T20:04:43+00:00\" \/>\n<meta property=\"article:modified_time\" content=\"2021-03-24T19:30:11+00:00\" \/>\n<meta property=\"og:image\" content=\"https:\/\/kolesarski-svet.si\/wp-content\/uploads\/2021\/02\/TDF2018_3.jpg\" \/>\n\t<meta property=\"og:image:width\" content=\"1140\" \/>\n\t<meta property=\"og:image:height\" content=\"526\" \/>\n\t<meta property=\"og:image:type\" content=\"image\/jpeg\" \/>\n<meta name=\"author\" content=\"Kolesarski Svet\" \/>\n<meta name=\"twitter:card\" content=\"summary_large_image\" \/>\n<meta name=\"twitter:label1\" content=\"Written by\" \/>\n\t<meta name=\"twitter:data1\" content=\"Kolesarski Svet\" \/>\n\t<meta name=\"twitter:label2\" content=\"Est. reading time\" \/>\n\t<meta name=\"twitter:data2\" content=\"2 minuti\" \/>\n<script type=\"application\/ld+json\" class=\"yoast-schema-graph\">{\"@context\":\"https:\/\/schema.org\",\"@graph\":[{\"@type\":\"Article\",\"@id\":\"https:\/\/kolesarski-svet.si\/sl\/kolo-in-zima-in-zivljenje-2\/#article\",\"isPartOf\":{\"@id\":\"https:\/\/kolesarski-svet.si\/sl\/kolo-in-zima-in-zivljenje-2\/\"},\"author\":{\"name\":\"Kolesarski Svet\",\"@id\":\"https:\/\/kolesarski-svet.si\/#\/schema\/person\/dca635f7dacfc7fead06d3d5c7072ffa\"},\"headline\":\"Kolo in Zima in \u017divljenje\",\"datePublished\":\"2021-02-17T20:04:43+00:00\",\"dateModified\":\"2021-03-24T19:30:11+00:00\",\"mainEntityOfPage\":{\"@id\":\"https:\/\/kolesarski-svet.si\/sl\/kolo-in-zima-in-zivljenje-2\/\"},\"wordCount\":401,\"commentCount\":0,\"publisher\":{\"@id\":\"https:\/\/kolesarski-svet.si\/#organization\"},\"image\":{\"@id\":\"https:\/\/kolesarski-svet.si\/sl\/kolo-in-zima-in-zivljenje-2\/#primaryimage\"},\"thumbnailUrl\":\"https:\/\/kolesarski-svet.si\/wp-content\/uploads\/2021\/02\/TDF2018_3.jpg\",\"keywords\":[\"Kolesarska sezona\",\"Kolesarska zastavica\",\"Kolo in zima\",\"Kolo in zima in \u017divljenje\",\"Varnostna zastavica\"],\"articleSection\":[\"Blog\",\"Varnost\"],\"inLanguage\":\"sl-SI\",\"potentialAction\":[{\"@type\":\"CommentAction\",\"name\":\"Comment\",\"target\":[\"https:\/\/kolesarski-svet.si\/sl\/kolo-in-zima-in-zivljenje-2\/#respond\"]}]},{\"@type\":\"WebPage\",\"@id\":\"https:\/\/kolesarski-svet.si\/sl\/kolo-in-zima-in-zivljenje-2\/\",\"url\":\"https:\/\/kolesarski-svet.si\/sl\/kolo-in-zima-in-zivljenje-2\/\",\"name\":\"Kolo in Zima in \u017divljenje - Kolesarski Svet\",\"isPartOf\":{\"@id\":\"https:\/\/kolesarski-svet.si\/#website\"},\"primaryImageOfPage\":{\"@id\":\"https:\/\/kolesarski-svet.si\/sl\/kolo-in-zima-in-zivljenje-2\/#primaryimage\"},\"image\":{\"@id\":\"https:\/\/kolesarski-svet.si\/sl\/kolo-in-zima-in-zivljenje-2\/#primaryimage\"},\"thumbnailUrl\":\"https:\/\/kolesarski-svet.si\/wp-content\/uploads\/2021\/02\/TDF2018_3.jpg\",\"datePublished\":\"2021-02-17T20:04:43+00:00\",\"dateModified\":\"2021-03-24T19:30:11+00:00\",\"description\":\"Ve\u010dina mestnih kolesarjev bo pozimi gara\u017eirala svoja kolesa, bolj zagnani bodo vztrajali.\",\"breadcrumb\":{\"@id\":\"https:\/\/kolesarski-svet.si\/sl\/kolo-in-zima-in-zivljenje-2\/#breadcrumb\"},\"inLanguage\":\"sl-SI\",\"potentialAction\":[{\"@type\":\"ReadAction\",\"target\":[\"https:\/\/kolesarski-svet.si\/sl\/kolo-in-zima-in-zivljenje-2\/\"]}]},{\"@type\":\"ImageObject\",\"inLanguage\":\"sl-SI\",\"@id\":\"https:\/\/kolesarski-svet.si\/sl\/kolo-in-zima-in-zivljenje-2\/#primaryimage\",\"url\":\"https:\/\/kolesarski-svet.si\/wp-content\/uploads\/2021\/02\/TDF2018_3.jpg\",\"contentUrl\":\"https:\/\/kolesarski-svet.si\/wp-content\/uploads\/2021\/02\/TDF2018_3.jpg\",\"width\":1140,\"height\":526,\"caption\":\"Kolesarski Svet, Blog,\"},{\"@type\":\"BreadcrumbList\",\"@id\":\"https:\/\/kolesarski-svet.si\/sl\/kolo-in-zima-in-zivljenje-2\/#breadcrumb\",\"itemListElement\":[{\"@type\":\"ListItem\",\"position\":1,\"name\":\"Home\",\"item\":\"https:\/\/kolesarski-svet.si\/sl\/kolesarski-svet-domov\/\"},{\"@type\":\"ListItem\",\"position\":2,\"name\":\"Kolo in Zima in \u017divljenje\"}]},{\"@type\":\"WebSite\",\"@id\":\"https:\/\/kolesarski-svet.si\/#website\",\"url\":\"https:\/\/kolesarski-svet.si\/\",\"name\":\"Kolesarski Svet\",\"description\":\"Do\u017eivite lepote Slovenije na kolesu\",\"publisher\":{\"@id\":\"https:\/\/kolesarski-svet.si\/#organization\"},\"potentialAction\":[{\"@type\":\"SearchAction\",\"target\":{\"@type\":\"EntryPoint\",\"urlTemplate\":\"https:\/\/kolesarski-svet.si\/?s={search_term_string}\"},\"query-input\":{\"@type\":\"PropertyValueSpecification\",\"valueRequired\":true,\"valueName\":\"search_term_string\"}}],\"inLanguage\":\"sl-SI\"},{\"@type\":\"Organization\",\"@id\":\"https:\/\/kolesarski-svet.si\/#organization\",\"name\":\"Kolesarski Svet\",\"url\":\"https:\/\/kolesarski-svet.si\/\",\"logo\":{\"@type\":\"ImageObject\",\"inLanguage\":\"sl-SI\",\"@id\":\"https:\/\/kolesarski-svet.si\/#\/schema\/logo\/image\/\",\"url\":\"https:\/\/kolesarski-svet.si\/wp-content\/uploads\/2018\/03\/logo-KS-170.png\",\"contentUrl\":\"https:\/\/kolesarski-svet.si\/wp-content\/uploads\/2018\/03\/logo-KS-170.png\",\"width\":170,\"height\":120,\"caption\":\"Kolesarski Svet\"},\"image\":{\"@id\":\"https:\/\/kolesarski-svet.si\/#\/schema\/logo\/image\/\"},\"sameAs\":[\"https:\/\/www.facebook.com\/KolesarskiSvet\/\",\"https:\/\/www.youtube.com\/channel\/UCaR0d_D0MFnxI1Wpxa2nkAA\"]},{\"@type\":\"Person\",\"@id\":\"https:\/\/kolesarski-svet.si\/#\/schema\/person\/dca635f7dacfc7fead06d3d5c7072ffa\",\"name\":\"Kolesarski Svet\",\"image\":{\"@type\":\"ImageObject\",\"inLanguage\":\"sl-SI\",\"@id\":\"https:\/\/kolesarski-svet.si\/#\/schema\/person\/image\/\",\"url\":\"https:\/\/secure.gravatar.com\/avatar\/abc87a789774c73113a96c45f59b678bfe27f12229da801f2d8f5ed968fa5aab?s=96&d=mm&r=g\",\"contentUrl\":\"https:\/\/secure.gravatar.com\/avatar\/abc87a789774c73113a96c45f59b678bfe27f12229da801f2d8f5ed968fa5aab?s=96&d=mm&r=g\",\"caption\":\"Kolesarski Svet\"},\"sameAs\":[\"http:\/\/kolesarski-svet.si\"]}]}<\/script>\n<!-- \/ Yoast SEO plugin. -->","yoast_head_json":{"title":"Kolo in Zima in \u017divljenje - Kolesarski Svet","description":"Ve\u010dina mestnih kolesarjev bo pozimi gara\u017eirala svoja kolesa, bolj zagnani bodo vztrajali.","robots":{"index":"index","follow":"follow","max-snippet":"max-snippet:-1","max-image-preview":"max-image-preview:large","max-video-preview":"max-video-preview:-1"},"canonical":"https:\/\/kolesarski-svet.si\/sl\/kolo-in-zima-in-zivljenje-2\/","og_locale":"sl_SI","og_type":"article","og_title":"Kolo in Zima in \u017divljenje - Kolesarski Svet","og_description":"Ve\u010dina mestnih kolesarjev bo pozimi gara\u017eirala svoja kolesa, bolj zagnani bodo vztrajali.","og_url":"https:\/\/kolesarski-svet.si\/sl\/kolo-in-zima-in-zivljenje-2\/","og_site_name":"Kolesarski Svet","article_publisher":"https:\/\/www.facebook.com\/KolesarskiSvet\/","article_published_time":"2021-02-17T20:04:43+00:00","article_modified_time":"2021-03-24T19:30:11+00:00","og_image":[{"width":1140,"height":526,"url":"https:\/\/kolesarski-svet.si\/wp-content\/uploads\/2021\/02\/TDF2018_3.jpg","type":"image\/jpeg"}],"author":"Kolesarski Svet","twitter_card":"summary_large_image","twitter_misc":{"Written by":"Kolesarski Svet","Est. reading time":"2 minuti"},"schema":{"@context":"https:\/\/schema.org","@graph":[{"@type":"Article","@id":"https:\/\/kolesarski-svet.si\/sl\/kolo-in-zima-in-zivljenje-2\/#article","isPartOf":{"@id":"https:\/\/kolesarski-svet.si\/sl\/kolo-in-zima-in-zivljenje-2\/"},"author":{"name":"Kolesarski Svet","@id":"https:\/\/kolesarski-svet.si\/#\/schema\/person\/dca635f7dacfc7fead06d3d5c7072ffa"},"headline":"Kolo in Zima in \u017divljenje","datePublished":"2021-02-17T20:04:43+00:00","dateModified":"2021-03-24T19:30:11+00:00","mainEntityOfPage":{"@id":"https:\/\/kolesarski-svet.si\/sl\/kolo-in-zima-in-zivljenje-2\/"},"wordCount":401,"commentCount":0,"publisher":{"@id":"https:\/\/kolesarski-svet.si\/#organization"},"image":{"@id":"https:\/\/kolesarski-svet.si\/sl\/kolo-in-zima-in-zivljenje-2\/#primaryimage"},"thumbnailUrl":"https:\/\/kolesarski-svet.si\/wp-content\/uploads\/2021\/02\/TDF2018_3.jpg","keywords":["Kolesarska sezona","Kolesarska zastavica","Kolo in zima","Kolo in zima in \u017divljenje","Varnostna zastavica"],"articleSection":["Blog","Varnost"],"inLanguage":"sl-SI","potentialAction":[{"@type":"CommentAction","name":"Comment","target":["https:\/\/kolesarski-svet.si\/sl\/kolo-in-zima-in-zivljenje-2\/#respond"]}]},{"@type":"WebPage","@id":"https:\/\/kolesarski-svet.si\/sl\/kolo-in-zima-in-zivljenje-2\/","url":"https:\/\/kolesarski-svet.si\/sl\/kolo-in-zima-in-zivljenje-2\/","name":"Kolo in Zima in \u017divljenje - Kolesarski Svet","isPartOf":{"@id":"https:\/\/kolesarski-svet.si\/#website"},"primaryImageOfPage":{"@id":"https:\/\/kolesarski-svet.si\/sl\/kolo-in-zima-in-zivljenje-2\/#primaryimage"},"image":{"@id":"https:\/\/kolesarski-svet.si\/sl\/kolo-in-zima-in-zivljenje-2\/#primaryimage"},"thumbnailUrl":"https:\/\/kolesarski-svet.si\/wp-content\/uploads\/2021\/02\/TDF2018_3.jpg","datePublished":"2021-02-17T20:04:43+00:00","dateModified":"2021-03-24T19:30:11+00:00","description":"Ve\u010dina mestnih kolesarjev bo pozimi gara\u017eirala svoja kolesa, bolj zagnani bodo vztrajali.","breadcrumb":{"@id":"https:\/\/kolesarski-svet.si\/sl\/kolo-in-zima-in-zivljenje-2\/#breadcrumb"},"inLanguage":"sl-SI","potentialAction":[{"@type":"ReadAction","target":["https:\/\/kolesarski-svet.si\/sl\/kolo-in-zima-in-zivljenje-2\/"]}]},{"@type":"ImageObject","inLanguage":"sl-SI","@id":"https:\/\/kolesarski-svet.si\/sl\/kolo-in-zima-in-zivljenje-2\/#primaryimage","url":"https:\/\/kolesarski-svet.si\/wp-content\/uploads\/2021\/02\/TDF2018_3.jpg","contentUrl":"https:\/\/kolesarski-svet.si\/wp-content\/uploads\/2021\/02\/TDF2018_3.jpg","width":1140,"height":526,"caption":"Kolesarski Svet, Blog,"},{"@type":"BreadcrumbList","@id":"https:\/\/kolesarski-svet.si\/sl\/kolo-in-zima-in-zivljenje-2\/#breadcrumb","itemListElement":[{"@type":"ListItem","position":1,"name":"Home","item":"https:\/\/kolesarski-svet.si\/sl\/kolesarski-svet-domov\/"},{"@type":"ListItem","position":2,"name":"Kolo in Zima in \u017divljenje"}]},{"@type":"WebSite","@id":"https:\/\/kolesarski-svet.si\/#website","url":"https:\/\/kolesarski-svet.si\/","name":"Kolesarski Svet","description":"Do\u017eivite lepote Slovenije na kolesu","publisher":{"@id":"https:\/\/kolesarski-svet.si\/#organization"},"potentialAction":[{"@type":"SearchAction","target":{"@type":"EntryPoint","urlTemplate":"https:\/\/kolesarski-svet.si\/?s={search_term_string}"},"query-input":{"@type":"PropertyValueSpecification","valueRequired":true,"valueName":"search_term_string"}}],"inLanguage":"sl-SI"},{"@type":"Organization","@id":"https:\/\/kolesarski-svet.si\/#organization","name":"Kolesarski Svet","url":"https:\/\/kolesarski-svet.si\/","logo":{"@type":"ImageObject","inLanguage":"sl-SI","@id":"https:\/\/kolesarski-svet.si\/#\/schema\/logo\/image\/","url":"https:\/\/kolesarski-svet.si\/wp-content\/uploads\/2018\/03\/logo-KS-170.png","contentUrl":"https:\/\/kolesarski-svet.si\/wp-content\/uploads\/2018\/03\/logo-KS-170.png","width":170,"height":120,"caption":"Kolesarski Svet"},"image":{"@id":"https:\/\/kolesarski-svet.si\/#\/schema\/logo\/image\/"},"sameAs":["https:\/\/www.facebook.com\/KolesarskiSvet\/","https:\/\/www.youtube.com\/channel\/UCaR0d_D0MFnxI1Wpxa2nkAA"]},{"@type":"Person","@id":"https:\/\/kolesarski-svet.si\/#\/schema\/person\/dca635f7dacfc7fead06d3d5c7072ffa","name":"Kolesarski Svet","image":{"@type":"ImageObject","inLanguage":"sl-SI","@id":"https:\/\/kolesarski-svet.si\/#\/schema\/person\/image\/","url":"https:\/\/secure.gravatar.com\/avatar\/abc87a789774c73113a96c45f59b678bfe27f12229da801f2d8f5ed968fa5aab?s=96&d=mm&r=g","contentUrl":"https:\/\/secure.gravatar.com\/avatar\/abc87a789774c73113a96c45f59b678bfe27f12229da801f2d8f5ed968fa5aab?s=96&d=mm&r=g","caption":"Kolesarski Svet"},"sameAs":["http:\/\/kolesarski-svet.si"]}]}},"_links":{"self":[{"href":"https:\/\/kolesarski-svet.si\/sl\/wp-json\/wp\/v2\/posts\/3835","targetHints":{"allow":["GET"]}}],"collection":[{"href":"https:\/\/kolesarski-svet.si\/sl\/wp-json\/wp\/v2\/posts"}],"about":[{"href":"https:\/\/kolesarski-svet.si\/sl\/wp-json\/wp\/v2\/types\/post"}],"author":[{"embeddable":true,"href":"https:\/\/kolesarski-svet.si\/sl\/wp-json\/wp\/v2\/users\/2"}],"replies":[{"embeddable":true,"href":"https:\/\/kolesarski-svet.si\/sl\/wp-json\/wp\/v2\/comments?post=3835"}],"version-history":[{"count":1,"href":"https:\/\/kolesarski-svet.si\/sl\/wp-json\/wp\/v2\/posts\/3835\/revisions"}],"predecessor-version":[{"id":3836,"href":"https:\/\/kolesarski-svet.si\/sl\/wp-json\/wp\/v2\/posts\/3835\/revisions\/3836"}],"wp:featuredmedia":[{"embeddable":true,"href":"https:\/\/kolesarski-svet.si\/sl\/wp-json\/wp\/v2\/media\/3824"}],"wp:attachment":[{"href":"https:\/\/kolesarski-svet.si\/sl\/wp-json\/wp\/v2\/media?parent=3835"}],"wp:term":[{"taxonomy":"category","embeddable":true,"href":"https:\/\/kolesarski-svet.si\/sl\/wp-json\/wp\/v2\/categories?post=3835"},{"taxonomy":"post_tag","embeddable":true,"href":"https:\/\/kolesarski-svet.si\/sl\/wp-json\/wp\/v2\/tags?post=3835"}],"curies":[{"name":"wp","href":"https:\/\/api.w.org\/{rel}","templated":true}]}}