{"id":4223,"date":"2022-04-23T19:44:10","date_gmt":"2022-04-23T19:44:10","guid":{"rendered":"https:\/\/kolesarski-svet.si\/?p=4223"},"modified":"2022-04-23T19:49:49","modified_gmt":"2022-04-23T19:49:49","slug":"kolesarska-oprema-iz-reciklirane-plastike","status":"publish","type":"post","link":"https:\/\/kolesarski-svet.si\/sl\/kolesarska-oprema-iz-reciklirane-plastike\/","title":{"rendered":"Kolesarska oprema iz reciklirane plastike"},"content":{"rendered":"<p>Kro\u017eno gospodarstvo je eden izmed na\u010dinov za zmanj\u0161anje negativnih vplivov plastike in za pove\u010danje okoljskih in gospodarskih koristi, ki jih ta material prina\u0161a. Ena izmed re\u0161itev, ki jo ponuja kro\u017eno gospodarstvo je sodelovanje med podjetji in potro\u0161niki pri recikliranju izdelkov. Recikliranje izdelkov in njihova dolgoro\u010dna uporaba se nam zdita pomembna, zato vam v Kolesarskem svetu ponujamo reciklirane kolesarske torbe. Hkrati pa v Kolesarskem Svetu spodbujamo trajnostno naravnane poslovne modele.<\/p>\n<p><strong>Kolesarske torbe<\/strong><\/p>\n<p>Predstavili vam bomo drugo generacijo okolju prijaznih, kompaktnih, vzdr\u017eljivih in priro\u010dnih kolesarskih torb. Torbe so narejene z mo\u010dnej\u0161imi \u0161ivi in bolj kakovostno tkanim PP, narejenim iz 100 % reciklirane plastike. Plastika v tirnici je narejena iz mo\u010dnej\u0161e spojine, zaradi \u010desar je veliko bolj trpe\u017ena. \u00a0Ro\u010daj v obliki \u010drke T na sistemu vodil omogo\u010da enostavno odpenjanje z uporabo samo dveh prstov. V spletni trgovini <a href=\"https:\/\/kolesarski-svet.si\/sl\/trgovina\/\" target=\"_blank\" rel=\"noopener\">Kolesarskega Sveta<\/a> boste lahko kmalu kupili kolesarske torbe Danskega podjetja, ki so idealne za vsakodnevno nakupovanje, transport ali prevoz predmetov. Ve\u010d podrobnosti sledi kmalu\u2026<\/p>\n","protected":false},"excerpt":{"rendered":"<p>Kro\u017eno gospodarstvo je eden izmed na\u010dinov za zmanj\u0161anje negativnih vplivov plastike in za pove\u010danje okoljskih in gospodarskih koristi, ki jih ta material prina\u0161a. Ena izmed re\u0161itev, ki jo ponuja kro\u017eno gospodarstvo je sodelovanje med podjetji in potro\u0161niki pri recikliranju izdelkov. Recikliranje izdelkov in njihova dolgoro\u010dna uporaba se nam zdita pomembna, zato vam v Kolesarskem svetu ponujamo reciklirane kolesarske torbe. Hkrati pa v Kolesarskem Svetu spodbujamo trajnostno naravnane poslovne modele. Kolesarske<\/p>\n<div class=\"padding-top text-center\"><a href=\"https:\/\/kolesarski-svet.si\/sl\/kolesarska-oprema-iz-reciklirane-plastike\/\" class=\"atbtn atbtn--medium atbtn--rounded atbtn--transparent\">Preberi ve\u010d<i class=\"atbtn__icon atbtn__icon--right fa fa-long-arrow-right\"><\/i><\/a><\/div>\n","protected":false},"author":2,"featured_media":4221,"comment_status":"open","ping_status":"open","sticky":false,"template":"","format":"standard","meta":{"footnotes":""},"categories":[194,304,363],"tags":[701,699,700],"class_list":["post-4223","post","type-post","status-publish","format-standard","has-post-thumbnail","hentry","category-blog-sl","category-kolesarska-spletna-trgovina","category-kolesarska-spletna-trgovina-sl","tag-kolesarska-oprema","tag-kolesarske-torbe","tag-reciklirana-plastika"],"yoast_head":"<!-- This site is optimized with the Yoast SEO plugin v26.6 - https:\/\/yoast.com\/wordpress\/plugins\/seo\/ -->\n<title>Kolesarska oprema iz reciklirane plastike - Kolesarski Svet<\/title>\n<meta name=\"description\" content=\"Predstavili vam bomo drugo generacijo okolju prijaznih, kompaktnih, vzdr\u017eljivih in priro\u010dnih kolesarskih torb.\" \/>\n<meta name=\"robots\" content=\"index, follow, max-snippet:-1, max-image-preview:large, max-video-preview:-1\" \/>\n<link rel=\"canonical\" href=\"https:\/\/kolesarski-svet.si\/sl\/kolesarska-oprema-iz-reciklirane-plastike\/\" \/>\n<meta property=\"og:locale\" content=\"sl_SI\" \/>\n<meta property=\"og:type\" content=\"article\" \/>\n<meta property=\"og:title\" content=\"Kolesarska oprema iz reciklirane plastike - Kolesarski Svet\" \/>\n<meta property=\"og:description\" content=\"Predstavili vam bomo drugo generacijo okolju prijaznih, kompaktnih, vzdr\u017eljivih in priro\u010dnih kolesarskih torb.\" \/>\n<meta property=\"og:url\" content=\"https:\/\/kolesarski-svet.si\/sl\/kolesarska-oprema-iz-reciklirane-plastike\/\" \/>\n<meta property=\"og:site_name\" content=\"Kolesarski Svet\" \/>\n<meta property=\"article:publisher\" content=\"https:\/\/www.facebook.com\/KolesarskiSvet\/\" \/>\n<meta property=\"article:published_time\" content=\"2022-04-23T19:44:10+00:00\" \/>\n<meta property=\"article:modified_time\" content=\"2022-04-23T19:49:49+00:00\" \/>\n<meta property=\"og:image\" content=\"https:\/\/kolesarski-svet.si\/wp-content\/uploads\/2022\/04\/Kolesarske-torbe.jpg\" \/>\n\t<meta property=\"og:image:width\" content=\"1608\" \/>\n\t<meta property=\"og:image:height\" content=\"742\" \/>\n\t<meta property=\"og:image:type\" content=\"image\/jpeg\" \/>\n<meta name=\"author\" content=\"Kolesarski Svet\" \/>\n<meta name=\"twitter:card\" content=\"summary_large_image\" \/>\n<meta name=\"twitter:label1\" content=\"Written by\" \/>\n\t<meta name=\"twitter:data1\" content=\"Kolesarski Svet\" \/>\n\t<meta name=\"twitter:label2\" content=\"Est. reading time\" \/>\n\t<meta name=\"twitter:data2\" content=\"1 minuta\" \/>\n<script type=\"application\/ld+json\" class=\"yoast-schema-graph\">{\"@context\":\"https:\/\/schema.org\",\"@graph\":[{\"@type\":\"Article\",\"@id\":\"https:\/\/kolesarski-svet.si\/sl\/kolesarska-oprema-iz-reciklirane-plastike\/#article\",\"isPartOf\":{\"@id\":\"https:\/\/kolesarski-svet.si\/sl\/kolesarska-oprema-iz-reciklirane-plastike\/\"},\"author\":{\"name\":\"Kolesarski Svet\",\"@id\":\"https:\/\/kolesarski-svet.si\/#\/schema\/person\/dca635f7dacfc7fead06d3d5c7072ffa\"},\"headline\":\"Kolesarska oprema iz reciklirane plastike\",\"datePublished\":\"2022-04-23T19:44:10+00:00\",\"dateModified\":\"2022-04-23T19:49:49+00:00\",\"mainEntityOfPage\":{\"@id\":\"https:\/\/kolesarski-svet.si\/sl\/kolesarska-oprema-iz-reciklirane-plastike\/\"},\"wordCount\":179,\"commentCount\":0,\"publisher\":{\"@id\":\"https:\/\/kolesarski-svet.si\/#organization\"},\"image\":{\"@id\":\"https:\/\/kolesarski-svet.si\/sl\/kolesarska-oprema-iz-reciklirane-plastike\/#primaryimage\"},\"thumbnailUrl\":\"https:\/\/kolesarski-svet.si\/wp-content\/uploads\/2022\/04\/Kolesarske-torbe.jpg\",\"keywords\":[\"Kolesarska oprema\",\"Kolesarske torbe\",\"Reciklirana plastika\"],\"articleSection\":[\"Blog\",\"Kolesarska spletna trgovina\",\"Kolesarska spletna trgovina\"],\"inLanguage\":\"sl-SI\",\"potentialAction\":[{\"@type\":\"CommentAction\",\"name\":\"Comment\",\"target\":[\"https:\/\/kolesarski-svet.si\/sl\/kolesarska-oprema-iz-reciklirane-plastike\/#respond\"]}]},{\"@type\":\"WebPage\",\"@id\":\"https:\/\/kolesarski-svet.si\/sl\/kolesarska-oprema-iz-reciklirane-plastike\/\",\"url\":\"https:\/\/kolesarski-svet.si\/sl\/kolesarska-oprema-iz-reciklirane-plastike\/\",\"name\":\"Kolesarska oprema iz reciklirane plastike - Kolesarski Svet\",\"isPartOf\":{\"@id\":\"https:\/\/kolesarski-svet.si\/#website\"},\"primaryImageOfPage\":{\"@id\":\"https:\/\/kolesarski-svet.si\/sl\/kolesarska-oprema-iz-reciklirane-plastike\/#primaryimage\"},\"image\":{\"@id\":\"https:\/\/kolesarski-svet.si\/sl\/kolesarska-oprema-iz-reciklirane-plastike\/#primaryimage\"},\"thumbnailUrl\":\"https:\/\/kolesarski-svet.si\/wp-content\/uploads\/2022\/04\/Kolesarske-torbe.jpg\",\"datePublished\":\"2022-04-23T19:44:10+00:00\",\"dateModified\":\"2022-04-23T19:49:49+00:00\",\"description\":\"Predstavili vam bomo drugo generacijo okolju prijaznih, kompaktnih, vzdr\u017eljivih in priro\u010dnih kolesarskih torb.\",\"breadcrumb\":{\"@id\":\"https:\/\/kolesarski-svet.si\/sl\/kolesarska-oprema-iz-reciklirane-plastike\/#breadcrumb\"},\"inLanguage\":\"sl-SI\",\"potentialAction\":[{\"@type\":\"ReadAction\",\"target\":[\"https:\/\/kolesarski-svet.si\/sl\/kolesarska-oprema-iz-reciklirane-plastike\/\"]}]},{\"@type\":\"ImageObject\",\"inLanguage\":\"sl-SI\",\"@id\":\"https:\/\/kolesarski-svet.si\/sl\/kolesarska-oprema-iz-reciklirane-plastike\/#primaryimage\",\"url\":\"https:\/\/kolesarski-svet.si\/wp-content\/uploads\/2022\/04\/Kolesarske-torbe.jpg\",\"contentUrl\":\"https:\/\/kolesarski-svet.si\/wp-content\/uploads\/2022\/04\/Kolesarske-torbe.jpg\",\"width\":1608,\"height\":742,\"caption\":\"Kolesarska torba, Kolesarski Svet,\"},{\"@type\":\"BreadcrumbList\",\"@id\":\"https:\/\/kolesarski-svet.si\/sl\/kolesarska-oprema-iz-reciklirane-plastike\/#breadcrumb\",\"itemListElement\":[{\"@type\":\"ListItem\",\"position\":1,\"name\":\"Home\",\"item\":\"https:\/\/kolesarski-svet.si\/sl\/kolesarski-svet-domov\/\"},{\"@type\":\"ListItem\",\"position\":2,\"name\":\"Kolesarska oprema iz reciklirane plastike\"}]},{\"@type\":\"WebSite\",\"@id\":\"https:\/\/kolesarski-svet.si\/#website\",\"url\":\"https:\/\/kolesarski-svet.si\/\",\"name\":\"Kolesarski Svet\",\"description\":\"Do\u017eivite lepote Slovenije na kolesu\",\"publisher\":{\"@id\":\"https:\/\/kolesarski-svet.si\/#organization\"},\"potentialAction\":[{\"@type\":\"SearchAction\",\"target\":{\"@type\":\"EntryPoint\",\"urlTemplate\":\"https:\/\/kolesarski-svet.si\/?s={search_term_string}\"},\"query-input\":{\"@type\":\"PropertyValueSpecification\",\"valueRequired\":true,\"valueName\":\"search_term_string\"}}],\"inLanguage\":\"sl-SI\"},{\"@type\":\"Organization\",\"@id\":\"https:\/\/kolesarski-svet.si\/#organization\",\"name\":\"Kolesarski Svet\",\"url\":\"https:\/\/kolesarski-svet.si\/\",\"logo\":{\"@type\":\"ImageObject\",\"inLanguage\":\"sl-SI\",\"@id\":\"https:\/\/kolesarski-svet.si\/#\/schema\/logo\/image\/\",\"url\":\"https:\/\/kolesarski-svet.si\/wp-content\/uploads\/2018\/03\/logo-KS-170.png\",\"contentUrl\":\"https:\/\/kolesarski-svet.si\/wp-content\/uploads\/2018\/03\/logo-KS-170.png\",\"width\":170,\"height\":120,\"caption\":\"Kolesarski Svet\"},\"image\":{\"@id\":\"https:\/\/kolesarski-svet.si\/#\/schema\/logo\/image\/\"},\"sameAs\":[\"https:\/\/www.facebook.com\/KolesarskiSvet\/\",\"https:\/\/www.youtube.com\/channel\/UCaR0d_D0MFnxI1Wpxa2nkAA\"]},{\"@type\":\"Person\",\"@id\":\"https:\/\/kolesarski-svet.si\/#\/schema\/person\/dca635f7dacfc7fead06d3d5c7072ffa\",\"name\":\"Kolesarski Svet\",\"image\":{\"@type\":\"ImageObject\",\"inLanguage\":\"sl-SI\",\"@id\":\"https:\/\/kolesarski-svet.si\/#\/schema\/person\/image\/\",\"url\":\"https:\/\/secure.gravatar.com\/avatar\/abc87a789774c73113a96c45f59b678bfe27f12229da801f2d8f5ed968fa5aab?s=96&d=mm&r=g\",\"contentUrl\":\"https:\/\/secure.gravatar.com\/avatar\/abc87a789774c73113a96c45f59b678bfe27f12229da801f2d8f5ed968fa5aab?s=96&d=mm&r=g\",\"caption\":\"Kolesarski Svet\"},\"sameAs\":[\"http:\/\/kolesarski-svet.si\"]}]}<\/script>\n<!-- \/ Yoast SEO plugin. -->","yoast_head_json":{"title":"Kolesarska oprema iz reciklirane plastike - Kolesarski Svet","description":"Predstavili vam bomo drugo generacijo okolju prijaznih, kompaktnih, vzdr\u017eljivih in priro\u010dnih kolesarskih torb.","robots":{"index":"index","follow":"follow","max-snippet":"max-snippet:-1","max-image-preview":"max-image-preview:large","max-video-preview":"max-video-preview:-1"},"canonical":"https:\/\/kolesarski-svet.si\/sl\/kolesarska-oprema-iz-reciklirane-plastike\/","og_locale":"sl_SI","og_type":"article","og_title":"Kolesarska oprema iz reciklirane plastike - Kolesarski Svet","og_description":"Predstavili vam bomo drugo generacijo okolju prijaznih, kompaktnih, vzdr\u017eljivih in priro\u010dnih kolesarskih torb.","og_url":"https:\/\/kolesarski-svet.si\/sl\/kolesarska-oprema-iz-reciklirane-plastike\/","og_site_name":"Kolesarski Svet","article_publisher":"https:\/\/www.facebook.com\/KolesarskiSvet\/","article_published_time":"2022-04-23T19:44:10+00:00","article_modified_time":"2022-04-23T19:49:49+00:00","og_image":[{"width":1608,"height":742,"url":"https:\/\/kolesarski-svet.si\/wp-content\/uploads\/2022\/04\/Kolesarske-torbe.jpg","type":"image\/jpeg"}],"author":"Kolesarski Svet","twitter_card":"summary_large_image","twitter_misc":{"Written by":"Kolesarski Svet","Est. reading time":"1 minuta"},"schema":{"@context":"https:\/\/schema.org","@graph":[{"@type":"Article","@id":"https:\/\/kolesarski-svet.si\/sl\/kolesarska-oprema-iz-reciklirane-plastike\/#article","isPartOf":{"@id":"https:\/\/kolesarski-svet.si\/sl\/kolesarska-oprema-iz-reciklirane-plastike\/"},"author":{"name":"Kolesarski Svet","@id":"https:\/\/kolesarski-svet.si\/#\/schema\/person\/dca635f7dacfc7fead06d3d5c7072ffa"},"headline":"Kolesarska oprema iz reciklirane plastike","datePublished":"2022-04-23T19:44:10+00:00","dateModified":"2022-04-23T19:49:49+00:00","mainEntityOfPage":{"@id":"https:\/\/kolesarski-svet.si\/sl\/kolesarska-oprema-iz-reciklirane-plastike\/"},"wordCount":179,"commentCount":0,"publisher":{"@id":"https:\/\/kolesarski-svet.si\/#organization"},"image":{"@id":"https:\/\/kolesarski-svet.si\/sl\/kolesarska-oprema-iz-reciklirane-plastike\/#primaryimage"},"thumbnailUrl":"https:\/\/kolesarski-svet.si\/wp-content\/uploads\/2022\/04\/Kolesarske-torbe.jpg","keywords":["Kolesarska oprema","Kolesarske torbe","Reciklirana plastika"],"articleSection":["Blog","Kolesarska spletna trgovina","Kolesarska spletna trgovina"],"inLanguage":"sl-SI","potentialAction":[{"@type":"CommentAction","name":"Comment","target":["https:\/\/kolesarski-svet.si\/sl\/kolesarska-oprema-iz-reciklirane-plastike\/#respond"]}]},{"@type":"WebPage","@id":"https:\/\/kolesarski-svet.si\/sl\/kolesarska-oprema-iz-reciklirane-plastike\/","url":"https:\/\/kolesarski-svet.si\/sl\/kolesarska-oprema-iz-reciklirane-plastike\/","name":"Kolesarska oprema iz reciklirane plastike - Kolesarski Svet","isPartOf":{"@id":"https:\/\/kolesarski-svet.si\/#website"},"primaryImageOfPage":{"@id":"https:\/\/kolesarski-svet.si\/sl\/kolesarska-oprema-iz-reciklirane-plastike\/#primaryimage"},"image":{"@id":"https:\/\/kolesarski-svet.si\/sl\/kolesarska-oprema-iz-reciklirane-plastike\/#primaryimage"},"thumbnailUrl":"https:\/\/kolesarski-svet.si\/wp-content\/uploads\/2022\/04\/Kolesarske-torbe.jpg","datePublished":"2022-04-23T19:44:10+00:00","dateModified":"2022-04-23T19:49:49+00:00","description":"Predstavili vam bomo drugo generacijo okolju prijaznih, kompaktnih, vzdr\u017eljivih in priro\u010dnih kolesarskih torb.","breadcrumb":{"@id":"https:\/\/kolesarski-svet.si\/sl\/kolesarska-oprema-iz-reciklirane-plastike\/#breadcrumb"},"inLanguage":"sl-SI","potentialAction":[{"@type":"ReadAction","target":["https:\/\/kolesarski-svet.si\/sl\/kolesarska-oprema-iz-reciklirane-plastike\/"]}]},{"@type":"ImageObject","inLanguage":"sl-SI","@id":"https:\/\/kolesarski-svet.si\/sl\/kolesarska-oprema-iz-reciklirane-plastike\/#primaryimage","url":"https:\/\/kolesarski-svet.si\/wp-content\/uploads\/2022\/04\/Kolesarske-torbe.jpg","contentUrl":"https:\/\/kolesarski-svet.si\/wp-content\/uploads\/2022\/04\/Kolesarske-torbe.jpg","width":1608,"height":742,"caption":"Kolesarska torba, Kolesarski Svet,"},{"@type":"BreadcrumbList","@id":"https:\/\/kolesarski-svet.si\/sl\/kolesarska-oprema-iz-reciklirane-plastike\/#breadcrumb","itemListElement":[{"@type":"ListItem","position":1,"name":"Home","item":"https:\/\/kolesarski-svet.si\/sl\/kolesarski-svet-domov\/"},{"@type":"ListItem","position":2,"name":"Kolesarska oprema iz reciklirane plastike"}]},{"@type":"WebSite","@id":"https:\/\/kolesarski-svet.si\/#website","url":"https:\/\/kolesarski-svet.si\/","name":"Kolesarski Svet","description":"Do\u017eivite lepote Slovenije na kolesu","publisher":{"@id":"https:\/\/kolesarski-svet.si\/#organization"},"potentialAction":[{"@type":"SearchAction","target":{"@type":"EntryPoint","urlTemplate":"https:\/\/kolesarski-svet.si\/?s={search_term_string}"},"query-input":{"@type":"PropertyValueSpecification","valueRequired":true,"valueName":"search_term_string"}}],"inLanguage":"sl-SI"},{"@type":"Organization","@id":"https:\/\/kolesarski-svet.si\/#organization","name":"Kolesarski Svet","url":"https:\/\/kolesarski-svet.si\/","logo":{"@type":"ImageObject","inLanguage":"sl-SI","@id":"https:\/\/kolesarski-svet.si\/#\/schema\/logo\/image\/","url":"https:\/\/kolesarski-svet.si\/wp-content\/uploads\/2018\/03\/logo-KS-170.png","contentUrl":"https:\/\/kolesarski-svet.si\/wp-content\/uploads\/2018\/03\/logo-KS-170.png","width":170,"height":120,"caption":"Kolesarski Svet"},"image":{"@id":"https:\/\/kolesarski-svet.si\/#\/schema\/logo\/image\/"},"sameAs":["https:\/\/www.facebook.com\/KolesarskiSvet\/","https:\/\/www.youtube.com\/channel\/UCaR0d_D0MFnxI1Wpxa2nkAA"]},{"@type":"Person","@id":"https:\/\/kolesarski-svet.si\/#\/schema\/person\/dca635f7dacfc7fead06d3d5c7072ffa","name":"Kolesarski Svet","image":{"@type":"ImageObject","inLanguage":"sl-SI","@id":"https:\/\/kolesarski-svet.si\/#\/schema\/person\/image\/","url":"https:\/\/secure.gravatar.com\/avatar\/abc87a789774c73113a96c45f59b678bfe27f12229da801f2d8f5ed968fa5aab?s=96&d=mm&r=g","contentUrl":"https:\/\/secure.gravatar.com\/avatar\/abc87a789774c73113a96c45f59b678bfe27f12229da801f2d8f5ed968fa5aab?s=96&d=mm&r=g","caption":"Kolesarski Svet"},"sameAs":["http:\/\/kolesarski-svet.si"]}]}},"_links":{"self":[{"href":"https:\/\/kolesarski-svet.si\/sl\/wp-json\/wp\/v2\/posts\/4223","targetHints":{"allow":["GET"]}}],"collection":[{"href":"https:\/\/kolesarski-svet.si\/sl\/wp-json\/wp\/v2\/posts"}],"about":[{"href":"https:\/\/kolesarski-svet.si\/sl\/wp-json\/wp\/v2\/types\/post"}],"author":[{"embeddable":true,"href":"https:\/\/kolesarski-svet.si\/sl\/wp-json\/wp\/v2\/users\/2"}],"replies":[{"embeddable":true,"href":"https:\/\/kolesarski-svet.si\/sl\/wp-json\/wp\/v2\/comments?post=4223"}],"version-history":[{"count":1,"href":"https:\/\/kolesarski-svet.si\/sl\/wp-json\/wp\/v2\/posts\/4223\/revisions"}],"predecessor-version":[{"id":4224,"href":"https:\/\/kolesarski-svet.si\/sl\/wp-json\/wp\/v2\/posts\/4223\/revisions\/4224"}],"wp:featuredmedia":[{"embeddable":true,"href":"https:\/\/kolesarski-svet.si\/sl\/wp-json\/wp\/v2\/media\/4221"}],"wp:attachment":[{"href":"https:\/\/kolesarski-svet.si\/sl\/wp-json\/wp\/v2\/media?parent=4223"}],"wp:term":[{"taxonomy":"category","embeddable":true,"href":"https:\/\/kolesarski-svet.si\/sl\/wp-json\/wp\/v2\/categories?post=4223"},{"taxonomy":"post_tag","embeddable":true,"href":"https:\/\/kolesarski-svet.si\/sl\/wp-json\/wp\/v2\/tags?post=4223"}],"curies":[{"name":"wp","href":"https:\/\/api.w.org\/{rel}","templated":true}]}}